{"id":670,"date":"2021-05-05T17:13:48","date_gmt":"2021-05-05T17:13:48","guid":{"rendered":"http:\/\/www.sptelecon.com.br\/sp\/?p=670"},"modified":"2021-05-05T17:13:48","modified_gmt":"2021-05-05T17:13:48","slug":"gremio-novo-horizontino","status":"publish","type":"post","link":"http:\/\/www.sptelecon.com.br\/sp\/gremio-novo-horizontino\/","title":{"rendered":"GR\u00caMIO NOVO HORIZONTINO"},"content":{"rendered":"\n<div class=\"wp-block-image\"><figure class=\"aligncenter size-large is-resized\"><img loading=\"lazy\" src=\"http:\/\/www.sptelecon.com.br\/sp\/wp-content\/uploads\/2021\/05\/GREMIOOO.jpg\" alt=\"\" class=\"wp-image-674\" width=\"259\" height=\"249\"\/><\/figure><\/div>\n\n\n\n<p>Em 2010 surgiu o Gr\u00eamio Novorizontino, uma nova associa\u00e7\u00e3o para preencher a lacuna deixada ap\u00f3s o fechamento do Gr\u00eamio Esportivo Novorizontino, em 1999.<br \/>\u00c1vida por um time para chamar de seu, a torcida recebeu o Gr\u00eamio Novorizontino de bra\u00e7os abertos, dando eco ao que a diretoria do novo clube esperava.<br \/>Com o apoio dos torcedores e empres\u00e1rios da cidade, a diretoria, detentora de credibilidade e vontade de realizar, colocou literalmente seu time em campo apostando tamb\u00e9m na forma\u00e7\u00e3o de atletas.<br \/>Passo a passo, lance a lance, o Gr\u00eamio Novorizontino trilhou o caminho que havia tra\u00e7ado.<\/p>\n","protected":false},"excerpt":{"rendered":"<p>Em 2010 surgiu o Gr\u00eamio Novorizontino, uma nova associa\u00e7\u00e3o para preencher a lacuna deixada ap\u00f3s o fechamento do Gr\u00eamio Esportivo Novorizontino, em 1999.\u00c1vida por um time para chamar de seu, a torcida recebeu o Gr\u00eamio Novorizontino de bra\u00e7os abertos, dando eco ao que a diretoria do novo clube esperava.Com o apoio dos torcedores e empres\u00e1rios [&hellip;]<\/p>\n","protected":false},"author":4,"featured_media":0,"comment_status":"open","ping_status":"open","sticky":false,"template":"","format":"standard","meta":[],"categories":[6,1],"tags":[],"_links":{"self":[{"href":"http:\/\/www.sptelecon.com.br\/sp\/wp-json\/wp\/v2\/posts\/670"}],"collection":[{"href":"http:\/\/www.sptelecon.com.br\/sp\/wp-json\/wp\/v2\/posts"}],"about":[{"href":"http:\/\/www.sptelecon.com.br\/sp\/wp-json\/wp\/v2\/types\/post"}],"author":[{"embeddable":true,"href":"http:\/\/www.sptelecon.com.br\/sp\/wp-json\/wp\/v2\/users\/4"}],"replies":[{"embeddable":true,"href":"http:\/\/www.sptelecon.com.br\/sp\/wp-json\/wp\/v2\/comments?post=670"}],"version-history":[{"count":5,"href":"http:\/\/www.sptelecon.com.br\/sp\/wp-json\/wp\/v2\/posts\/670\/revisions"}],"predecessor-version":[{"id":679,"href":"http:\/\/www.sptelecon.com.br\/sp\/wp-json\/wp\/v2\/posts\/670\/revisions\/679"}],"wp:attachment":[{"href":"http:\/\/www.sptelecon.com.br\/sp\/wp-json\/wp\/v2\/media?parent=670"}],"wp:term":[{"taxonomy":"category","embeddable":true,"href":"http:\/\/www.sptelecon.com.br\/sp\/wp-json\/wp\/v2\/categories?post=670"},{"taxonomy":"post_tag","embeddable":true,"href":"http:\/\/www.sptelecon.com.br\/sp\/wp-json\/wp\/v2\/tags?post=670"}],"curies":[{"name":"wp","href":"https:\/\/api.w.org\/{rel}","templated":true}]}}