{"id":662,"date":"2021-03-11T16:59:48","date_gmt":"2021-03-11T16:59:48","guid":{"rendered":"http:\/\/www.sptelecon.com.br\/sp\/?p=662"},"modified":"2021-03-11T16:59:48","modified_gmt":"2021-03-11T16:59:48","slug":"lojas-carlu","status":"publish","type":"post","link":"http:\/\/www.sptelecon.com.br\/sp\/lojas-carlu\/","title":{"rendered":"LOJAS CARLU"},"content":{"rendered":"\n<div class=\"wp-block-image\"><figure class=\"aligncenter size-large is-resized\"><img loading=\"lazy\" src=\"http:\/\/www.sptelecon.com.br\/sp\/wp-content\/uploads\/2021\/03\/WhatsApp-Image-2021-03-11-at-13.56.33.jpeg\" alt=\"\" class=\"wp-image-664\" width=\"300\" height=\"170\" srcset=\"http:\/\/www.sptelecon.com.br\/sp\/wp-content\/uploads\/2021\/03\/WhatsApp-Image-2021-03-11-at-13.56.33.jpeg 750w, http:\/\/www.sptelecon.com.br\/sp\/wp-content\/uploads\/2021\/03\/WhatsApp-Image-2021-03-11-at-13.56.33-300x171.jpeg 300w\" sizes=\"(max-width: 300px) 100vw, 300px\" \/><\/figure><\/div>\n\n\n\n<p class=\"has-text-align-center\">Fundada em 1972, as Lojas Carlu \u00e9 uma rede que comercializa Eletrodom\u00e9sticos, Eletroeletr\u00f4nicos, M\u00f3veis em Geral, Utenc\u00edlios Dom\u00e9sticos e Muito Mais. O nome Carlu se deu pelos primeiros propriet\u00e1rios Carlos e Lucy, hoje Carlos, Carlinhos e Andr\u00e9. A Empresa tem como miss\u00e3o, realizar os sonhos de seus consumidores, oferecendo um cr\u00e9dito facilitado, e \u00e9 uma das poucas firmas familiares no mercado, tendo em vista o respeito e a dedica\u00e7\u00e3o total a seus clientes, fornecedores e parceiros comerciais.<br \/>A marca Carlu \u00e9 uma das lojas de m\u00f3veis mais conhecida em nossa regi\u00e3o.<br \/>Nossa primeira loja foi fundada na cidade de Bilac, que hoje est\u00e1 situada no mesmo local. Nossas lojas nunca deixaram de acreditar no potencial de suas cidades, e n\u00e3o deixou de lado a certeza de que trabalhar com seriedade, e com produtos de qualidade, seria a chave do sucesso, e crescimento da nossa Empresa<\/p>\n","protected":false},"excerpt":{"rendered":"<p>Fundada em 1972, as Lojas Carlu \u00e9 uma rede que comercializa Eletrodom\u00e9sticos, Eletroeletr\u00f4nicos, M\u00f3veis em Geral, Utenc\u00edlios Dom\u00e9sticos e Muito Mais. O nome Carlu se deu pelos primeiros propriet\u00e1rios Carlos e Lucy, hoje Carlos, Carlinhos e Andr\u00e9. A Empresa tem como miss\u00e3o, realizar os sonhos de seus consumidores, oferecendo um cr\u00e9dito facilitado, e \u00e9 uma [&hellip;]<\/p>\n","protected":false},"author":4,"featured_media":0,"comment_status":"closed","ping_status":"closed","sticky":false,"template":"","format":"standard","meta":[],"categories":[6,1],"tags":[],"_links":{"self":[{"href":"http:\/\/www.sptelecon.com.br\/sp\/wp-json\/wp\/v2\/posts\/662"}],"collection":[{"href":"http:\/\/www.sptelecon.com.br\/sp\/wp-json\/wp\/v2\/posts"}],"about":[{"href":"http:\/\/www.sptelecon.com.br\/sp\/wp-json\/wp\/v2\/types\/post"}],"author":[{"embeddable":true,"href":"http:\/\/www.sptelecon.com.br\/sp\/wp-json\/wp\/v2\/users\/4"}],"replies":[{"embeddable":true,"href":"http:\/\/www.sptelecon.com.br\/sp\/wp-json\/wp\/v2\/comments?post=662"}],"version-history":[{"count":1,"href":"http:\/\/www.sptelecon.com.br\/sp\/wp-json\/wp\/v2\/posts\/662\/revisions"}],"predecessor-version":[{"id":665,"href":"http:\/\/www.sptelecon.com.br\/sp\/wp-json\/wp\/v2\/posts\/662\/revisions\/665"}],"wp:attachment":[{"href":"http:\/\/www.sptelecon.com.br\/sp\/wp-json\/wp\/v2\/media?parent=662"}],"wp:term":[{"taxonomy":"category","embeddable":true,"href":"http:\/\/www.sptelecon.com.br\/sp\/wp-json\/wp\/v2\/categories?post=662"},{"taxonomy":"post_tag","embeddable":true,"href":"http:\/\/www.sptelecon.com.br\/sp\/wp-json\/wp\/v2\/tags?post=662"}],"curies":[{"name":"wp","href":"https:\/\/api.w.org\/{rel}","templated":true}]}}