{"id":465,"date":"2019-04-29T13:53:29","date_gmt":"2019-04-29T13:53:29","guid":{"rendered":"http:\/\/www.sptelecon.com.br\/sp\/?p=465"},"modified":"2021-03-11T16:29:12","modified_gmt":"2021-03-11T16:29:12","slug":"suco-life","status":"publish","type":"post","link":"http:\/\/www.sptelecon.com.br\/sp\/suco-life\/","title":{"rendered":"SUCO LIFE"},"content":{"rendered":"\n<div class=\"wp-block-image\"><figure class=\"aligncenter\"><img loading=\"lazy\" width=\"360\" height=\"140\" src=\"http:\/\/www.sptelecon.com.br\/sp\/wp-content\/uploads\/2019\/04\/suco.jpg\" alt=\"\" class=\"wp-image-462\" srcset=\"http:\/\/www.sptelecon.com.br\/sp\/wp-content\/uploads\/2019\/04\/suco.jpg 360w, http:\/\/www.sptelecon.com.br\/sp\/wp-content\/uploads\/2019\/04\/suco-300x117.jpg 300w\" sizes=\"(max-width: 360px) 100vw, 360px\" \/><\/figure><\/div>\n\n\n\n<p>Life \u00e9 uma empresa do grupo MM, conhecido desde 1994 pela produ\u00e7\u00e3o e pelo fornecimento de laranjas para diversas marcas das ind\u00fastrias de sucos e n\u00e9ctares de todo o Brasil ,  Produzindo de acordo com o Programa do Minist\u00e9rio da Agricultura, Pecu\u00e1ria e Abastecimento de Boas Pr\u00e1ticas Agr\u00edcolas que estabelece normas t\u00e9cnicas para produ\u00e7\u00e3o integrada de citrus onde apenas as pr\u00f3prias para consumo s\u00e3o utilizadas, sendo assim, descartadas as frutas verdes, feridas ou impr\u00f3prias  <\/p>\n","protected":false},"excerpt":{"rendered":"<p>Life \u00e9 uma empresa do grupo MM, conhecido desde 1994 pela produ\u00e7\u00e3o e pelo fornecimento de laranjas para diversas marcas das ind\u00fastrias de sucos e n\u00e9ctares de todo o Brasil , Produzindo de acordo com o Programa do Minist\u00e9rio da Agricultura, Pecu\u00e1ria e Abastecimento de Boas Pr\u00e1ticas Agr\u00edcolas que estabelece normas t\u00e9cnicas para produ\u00e7\u00e3o integrada [&hellip;]<\/p>\n","protected":false},"author":4,"featured_media":0,"comment_status":"closed","ping_status":"open","sticky":true,"template":"","format":"standard","meta":[],"categories":[6,1],"tags":[],"_links":{"self":[{"href":"http:\/\/www.sptelecon.com.br\/sp\/wp-json\/wp\/v2\/posts\/465"}],"collection":[{"href":"http:\/\/www.sptelecon.com.br\/sp\/wp-json\/wp\/v2\/posts"}],"about":[{"href":"http:\/\/www.sptelecon.com.br\/sp\/wp-json\/wp\/v2\/types\/post"}],"author":[{"embeddable":true,"href":"http:\/\/www.sptelecon.com.br\/sp\/wp-json\/wp\/v2\/users\/4"}],"replies":[{"embeddable":true,"href":"http:\/\/www.sptelecon.com.br\/sp\/wp-json\/wp\/v2\/comments?post=465"}],"version-history":[{"count":4,"href":"http:\/\/www.sptelecon.com.br\/sp\/wp-json\/wp\/v2\/posts\/465\/revisions"}],"predecessor-version":[{"id":630,"href":"http:\/\/www.sptelecon.com.br\/sp\/wp-json\/wp\/v2\/posts\/465\/revisions\/630"}],"wp:attachment":[{"href":"http:\/\/www.sptelecon.com.br\/sp\/wp-json\/wp\/v2\/media?parent=465"}],"wp:term":[{"taxonomy":"category","embeddable":true,"href":"http:\/\/www.sptelecon.com.br\/sp\/wp-json\/wp\/v2\/categories?post=465"},{"taxonomy":"post_tag","embeddable":true,"href":"http:\/\/www.sptelecon.com.br\/sp\/wp-json\/wp\/v2\/tags?post=465"}],"curies":[{"name":"wp","href":"https:\/\/api.w.org\/{rel}","templated":true}]}}