{"id":443,"date":"2018-05-29T17:19:37","date_gmt":"2018-05-29T17:19:37","guid":{"rendered":"http:\/\/www.sptelecon.com.br\/sp\/?p=443"},"modified":"2021-03-11T16:33:01","modified_gmt":"2021-03-11T16:33:01","slug":"443-2","status":"publish","type":"post","link":"http:\/\/www.sptelecon.com.br\/sp\/443-2\/","title":{"rendered":"REDE VIDA"},"content":{"rendered":"<p><a href=\"http:\/\/www.sptelecon.com.br\/sp\/wp-content\/uploads\/2018\/08\/REDE-VIDA.png\"><img loading=\"lazy\" class=\"wp-image-444 aligncenter\" src=\"http:\/\/www.sptelecon.com.br\/sp\/wp-content\/uploads\/2018\/08\/REDE-VIDA.png\" alt=\"\" width=\"222\" height=\"208\" \/><\/a><\/p>\n<p>A REDEVIDA \u00e9 o canal da fam\u00edlia e a TV da boa not\u00edcia. Um compromisso com a forma\u00e7\u00e3o e a informa\u00e7\u00e3o, um espa\u00e7o para as pastorais da igreja e os diversos movimentos religiosos e do di\u00e1logo ecum\u00eanico e inter religioso.<\/p>\n","protected":false},"excerpt":{"rendered":"<p>A REDEVIDA \u00e9 o canal da fam\u00edlia e a TV da boa not\u00edcia. Um compromisso com a forma\u00e7\u00e3o e a informa\u00e7\u00e3o, um espa\u00e7o para as pastorais da igreja e os diversos movimentos religiosos e do di\u00e1logo ecum\u00eanico e inter religioso.<\/p>\n","protected":false},"author":4,"featured_media":0,"comment_status":"closed","ping_status":"closed","sticky":false,"template":"","format":"standard","meta":[],"categories":[6,1],"tags":[],"_links":{"self":[{"href":"http:\/\/www.sptelecon.com.br\/sp\/wp-json\/wp\/v2\/posts\/443"}],"collection":[{"href":"http:\/\/www.sptelecon.com.br\/sp\/wp-json\/wp\/v2\/posts"}],"about":[{"href":"http:\/\/www.sptelecon.com.br\/sp\/wp-json\/wp\/v2\/types\/post"}],"author":[{"embeddable":true,"href":"http:\/\/www.sptelecon.com.br\/sp\/wp-json\/wp\/v2\/users\/4"}],"replies":[{"embeddable":true,"href":"http:\/\/www.sptelecon.com.br\/sp\/wp-json\/wp\/v2\/comments?post=443"}],"version-history":[{"count":4,"href":"http:\/\/www.sptelecon.com.br\/sp\/wp-json\/wp\/v2\/posts\/443\/revisions"}],"predecessor-version":[{"id":638,"href":"http:\/\/www.sptelecon.com.br\/sp\/wp-json\/wp\/v2\/posts\/443\/revisions\/638"}],"wp:attachment":[{"href":"http:\/\/www.sptelecon.com.br\/sp\/wp-json\/wp\/v2\/media?parent=443"}],"wp:term":[{"taxonomy":"category","embeddable":true,"href":"http:\/\/www.sptelecon.com.br\/sp\/wp-json\/wp\/v2\/categories?post=443"},{"taxonomy":"post_tag","embeddable":true,"href":"http:\/\/www.sptelecon.com.br\/sp\/wp-json\/wp\/v2\/tags?post=443"}],"curies":[{"name":"wp","href":"https:\/\/api.w.org\/{rel}","templated":true}]}}