{"id":439,"date":"2017-01-20T16:30:28","date_gmt":"2017-01-20T16:30:28","guid":{"rendered":"http:\/\/www.sptelecon.com.br\/sp\/?p=439"},"modified":"2021-03-11T16:33:53","modified_gmt":"2021-03-11T16:33:53","slug":"bioleve","status":"publish","type":"post","link":"http:\/\/www.sptelecon.com.br\/sp\/bioleve\/","title":{"rendered":"BIOLEVE"},"content":{"rendered":"<p><a href=\"http:\/\/www.sptelecon.com.br\/sp\/wp-content\/uploads\/2018\/08\/Logo-Bioleve.jpg\"><img loading=\"lazy\" class=\"size-medium wp-image-440 aligncenter\" src=\"http:\/\/www.sptelecon.com.br\/sp\/wp-content\/uploads\/2018\/08\/Logo-Bioleve-300x107.jpg\" alt=\"\" width=\"300\" height=\"107\" srcset=\"http:\/\/www.sptelecon.com.br\/sp\/wp-content\/uploads\/2018\/08\/Logo-Bioleve-300x107.jpg 300w, http:\/\/www.sptelecon.com.br\/sp\/wp-content\/uploads\/2018\/08\/Logo-Bioleve-768x273.jpg 768w, http:\/\/www.sptelecon.com.br\/sp\/wp-content\/uploads\/2018\/08\/Logo-Bioleve-1024x364.jpg 1024w, http:\/\/www.sptelecon.com.br\/sp\/wp-content\/uploads\/2018\/08\/Logo-Bioleve.jpg 1844w\" sizes=\"(max-width: 300px) 100vw, 300px\" \/><\/a><\/p>\n<p>A miss\u00e3o da\u00a0<em><strong>bioleve<\/strong><\/em>\u00a0\u00e9 atender as necessidades de sa\u00fade e qualidade de vida de nossos consumidores, pela excel\u00eancia dos produtos e servi\u00e7os que oferecemos. Assegurar a qualidade de nossa \u00e1gua mineral e bebidas n\u00e3o alco\u00f3licas em todos os seus processos, desde a fabrica\u00e7\u00e3o de embalagens at\u00e9 sua distribui\u00e7\u00e3o. Investindo em tecnologia, desenvolvimento de pessoas e melhoria cont\u00ednua.<\/p>\n","protected":false},"excerpt":{"rendered":"<p>A miss\u00e3o da\u00a0bioleve\u00a0\u00e9 atender as necessidades de sa\u00fade e qualidade de vida de nossos consumidores, pela excel\u00eancia dos produtos e servi\u00e7os que oferecemos. Assegurar a qualidade de nossa \u00e1gua mineral e bebidas n\u00e3o alco\u00f3licas em todos os seus processos, desde a fabrica\u00e7\u00e3o de embalagens at\u00e9 sua distribui\u00e7\u00e3o. Investindo em tecnologia, desenvolvimento de pessoas e melhoria [&hellip;]<\/p>\n","protected":false},"author":4,"featured_media":0,"comment_status":"closed","ping_status":"closed","sticky":false,"template":"","format":"standard","meta":[],"categories":[6],"tags":[],"_links":{"self":[{"href":"http:\/\/www.sptelecon.com.br\/sp\/wp-json\/wp\/v2\/posts\/439"}],"collection":[{"href":"http:\/\/www.sptelecon.com.br\/sp\/wp-json\/wp\/v2\/posts"}],"about":[{"href":"http:\/\/www.sptelecon.com.br\/sp\/wp-json\/wp\/v2\/types\/post"}],"author":[{"embeddable":true,"href":"http:\/\/www.sptelecon.com.br\/sp\/wp-json\/wp\/v2\/users\/4"}],"replies":[{"embeddable":true,"href":"http:\/\/www.sptelecon.com.br\/sp\/wp-json\/wp\/v2\/comments?post=439"}],"version-history":[{"count":3,"href":"http:\/\/www.sptelecon.com.br\/sp\/wp-json\/wp\/v2\/posts\/439\/revisions"}],"predecessor-version":[{"id":640,"href":"http:\/\/www.sptelecon.com.br\/sp\/wp-json\/wp\/v2\/posts\/439\/revisions\/640"}],"wp:attachment":[{"href":"http:\/\/www.sptelecon.com.br\/sp\/wp-json\/wp\/v2\/media?parent=439"}],"wp:term":[{"taxonomy":"category","embeddable":true,"href":"http:\/\/www.sptelecon.com.br\/sp\/wp-json\/wp\/v2\/categories?post=439"},{"taxonomy":"post_tag","embeddable":true,"href":"http:\/\/www.sptelecon.com.br\/sp\/wp-json\/wp\/v2\/tags?post=439"}],"curies":[{"name":"wp","href":"https:\/\/api.w.org\/{rel}","templated":true}]}}