{"id":327,"date":"2016-03-07T19:05:47","date_gmt":"2016-03-07T19:05:47","guid":{"rendered":"http:\/\/www.sptelecon.com.br\/sp\/?p=327"},"modified":"2021-03-11T16:34:27","modified_gmt":"2021-03-11T16:34:27","slug":"v-muchiutt-ford","status":"publish","type":"post","link":"http:\/\/www.sptelecon.com.br\/sp\/v-muchiutt-ford\/","title":{"rendered":"V. MUCHIUTT &#8211; FORD"},"content":{"rendered":"<p><a href=\"http:\/\/www.sptelecon.com.br\/sp\/wp-content\/uploads\/2016\/08\/FORD-MIUCHIUTT-2.png\" rel=\"attachment wp-att-328\"><img loading=\"lazy\" class=\"wp-image-328 aligncenter\" src=\"http:\/\/www.sptelecon.com.br\/sp\/wp-content\/uploads\/2016\/08\/FORD-MIUCHIUTT-2-300x77.png\" alt=\"FORD MIUCHIUTT 2\" width=\"401\" height=\"103\" srcset=\"http:\/\/www.sptelecon.com.br\/sp\/wp-content\/uploads\/2016\/08\/FORD-MIUCHIUTT-2-300x77.png 300w, http:\/\/www.sptelecon.com.br\/sp\/wp-content\/uploads\/2016\/08\/FORD-MIUCHIUTT-2.png 370w\" sizes=\"(max-width: 401px) 100vw, 401px\" \/><\/a><\/p>\n<p>A V.Muchiutt, empresa prudentina , conhecida tradicionalmente por atuar no ramo de hotelaria e distribui\u00e7\u00e3o de auto-pe\u00e7as, tornou-se em 1999 distribuidora exclusiva na regi\u00e3o de Presidente Prudente, de uma das maiores montadoras do mundo: a Ford Motors.\u00a0V\u00e1rios anos de sucesso e um longo caminho pela frente, resultado do trabalho de equipe e da parceria que a V. Muchiutt desenvolve com seus clientes, funcion\u00e1rios e fornecedores.<\/p>\n","protected":false},"excerpt":{"rendered":"<p>A V.Muchiutt, empresa prudentina , conhecida tradicionalmente por atuar no ramo de hotelaria e distribui\u00e7\u00e3o de auto-pe\u00e7as, tornou-se em 1999 distribuidora exclusiva na regi\u00e3o de Presidente Prudente, de uma das maiores montadoras do mundo: a Ford Motors.\u00a0V\u00e1rios anos de sucesso e um longo caminho pela frente, resultado do trabalho de equipe e da parceria que [&hellip;]<\/p>\n","protected":false},"author":4,"featured_media":0,"comment_status":"closed","ping_status":"closed","sticky":false,"template":"","format":"standard","meta":[],"categories":[6,1],"tags":[],"_links":{"self":[{"href":"http:\/\/www.sptelecon.com.br\/sp\/wp-json\/wp\/v2\/posts\/327"}],"collection":[{"href":"http:\/\/www.sptelecon.com.br\/sp\/wp-json\/wp\/v2\/posts"}],"about":[{"href":"http:\/\/www.sptelecon.com.br\/sp\/wp-json\/wp\/v2\/types\/post"}],"author":[{"embeddable":true,"href":"http:\/\/www.sptelecon.com.br\/sp\/wp-json\/wp\/v2\/users\/4"}],"replies":[{"embeddable":true,"href":"http:\/\/www.sptelecon.com.br\/sp\/wp-json\/wp\/v2\/comments?post=327"}],"version-history":[{"count":3,"href":"http:\/\/www.sptelecon.com.br\/sp\/wp-json\/wp\/v2\/posts\/327\/revisions"}],"predecessor-version":[{"id":642,"href":"http:\/\/www.sptelecon.com.br\/sp\/wp-json\/wp\/v2\/posts\/327\/revisions\/642"}],"wp:attachment":[{"href":"http:\/\/www.sptelecon.com.br\/sp\/wp-json\/wp\/v2\/media?parent=327"}],"wp:term":[{"taxonomy":"category","embeddable":true,"href":"http:\/\/www.sptelecon.com.br\/sp\/wp-json\/wp\/v2\/categories?post=327"},{"taxonomy":"post_tag","embeddable":true,"href":"http:\/\/www.sptelecon.com.br\/sp\/wp-json\/wp\/v2\/tags?post=327"}],"curies":[{"name":"wp","href":"https:\/\/api.w.org\/{rel}","templated":true}]}}